{"id":15189,"date":"2022-11-14T11:20:51","date_gmt":"2022-11-14T10:20:51","guid":{"rendered":"http:\/\/localhost\/wordpress\/?p=15189"},"modified":"2025-05-25T12:14:55","modified_gmt":"2025-05-25T12:14:55","slug":"bestes-wetter-und-gute-beteiligung-am-volkstrauertag","status":"publish","type":"post","link":"https:\/\/hiddingsen.de\/?p=15189","title":{"rendered":"Bestes Wetter und gute Beteiligung am Volkstrauertag"},"content":{"rendered":"<div class=\"wp-block-image wp-image-15190 size-medium\">\n<figure class=\"aligncenter\"><img decoding=\"async\" src=\"http:\/\/localhost\/wordpress\/wp-content\/uploads\/2022\/11\/Denkmal-600x450.jpg\" alt=\"\" class=\"wp-image-15190\"\/><figcaption class=\"wp-element-caption\">Bei bestem Wetter haben wir gestern den gefallen Soldaten der beiden Weltkriege gedacht. Ihnen zu Ehren hat unser K\u00f6nigspaar Thomas und Daniela Borsutzki\u00a0 einen\u00a0 Kranz niedergelegt.<\/figcaption><\/figure>\n<\/div>\n\n\n<p>&nbsp;<\/p>\n\n\n\n<p class=\"has-text-align-center\">Am gestrigen Sonntag, den 13.11.2022, hat der B\u00fcrgersch\u00fctzenverein Ruploh- Hiddingsen- Lendringsen 1850 e.V. am Volkstrauertag den gefallenen Kammeraden der beiden Weltkriege gedacht.<\/p>\n\n\n\n<p class=\"has-text-align-center\">Eine beachtliche Zahl Sch\u00fctzen traf sich um 14:45 Uhr auf dem Hof Buschhoff und ging von dort mit dem K\u00f6nigspaar, Thomas und Daniela Borsutzki, und einem Kranz zum Ehrendenkmal.<\/p>\n\n\n\n<figure class=\"wp-block-image size-full\"><img loading=\"lazy\" decoding=\"async\" width=\"300\" height=\"300\" src=\"https:\/\/hiddingsen.de\/wp-content\/uploads\/2025\/05\/Denkmal-300x300-1.jpg\" alt=\"\" class=\"wp-image-15569\" srcset=\"https:\/\/hiddingsen.de\/wp-content\/uploads\/2025\/05\/Denkmal-300x300-1.jpg 300w, https:\/\/hiddingsen.de\/wp-content\/uploads\/2025\/05\/Denkmal-300x300-1-150x150.jpg 150w\" sizes=\"auto, (max-width: 300px) 100vw, 300px\" \/><\/figure>\n\n\n\n<p class=\"has-text-align-center\">Dort haben sich viele Zuschauer versammelt und verfolgten die Zeremonie als Zuschauer und h\u00f6rten den mahnenden&nbsp; Worten von Pfarrer Christian Casdorff zu.<\/p>\n\n\n\n<p class=\"has-text-align-center\">Herr Casdorff gab auch ein Beispiel des Bildhauers Gerhard Marcks wieder, welcher eine Skulptur, bekannt als die Trauernde Alte, zum gedenken der Opfer des zweiten Weltkrieg entworfen hat.<\/p>\n\n\n\n<p class=\"has-text-align-center\">Diese Skulptur stellt ebenfalls ein Ehrenmal da, allerdings ohne Anschrift der Verstorbenen mit Ihren Namen. Sie soll an die Verstorbenen der Bombardierung Bochums aus dem Jahr 1944 gedenken und wurde 1956 eingeweiht.<\/p>\n\n\n\n<p>&nbsp;<\/p>\n\n\n\n<p class=\"has-text-align-center\">Er sprach ebenfalls von dem Krieg in der Ukraine und dem Leid welches durch Kriege \u00fcberall auf der Welt entsteht.<\/p>\n\n\n\n<p>&nbsp;<\/p>\n\n\n\n<p class=\"has-text-align-center\">Im Anschluss ging der Verein zur Sch\u00fctzenhalle, wo der Kommandeur Michael Scherer sich bei allen Sch\u00fctzenbr\u00fcdern f\u00fcr die gute Beteiligung bedankte und Ihnen und Ihren Familien eine besinnliche Weihnachtzeit und einen guten Rutsch ins neue Jahr w\u00fcnschte.<\/p>\n\n\n\n<p class=\"has-text-align-center\">Im Anschluss lud der Sch\u00fctzenverein alle Sch\u00fctzenbr\u00fcder noch auf einen Umtrunk ein.<\/p>\n\n\n\n<p>&nbsp;<\/p>\n\n\n<div class=\"wp-block-image\">\n<figure class=\"aligncenter\"><img decoding=\"async\" src=\"http:\/\/localhost\/wordpress\/wp-content\/uploads\/2022\/11\/Denkmal-mit-Kranz-600x450.jpg\" alt=\"\" class=\"wp-image-15191\"\/><\/figure>\n<\/div>\n\n\n<p><\/p>\n","protected":false},"excerpt":{"rendered":"<p>&nbsp; Am gestrigen Sonntag, den 13.11.2022, hat der B\u00fcrgersch\u00fctzenverein Ruploh- Hiddingsen- Lendringsen 1850 e.V. am Volkstrauertag den gefallenen Kammeraden der beiden Weltkriege gedacht. Eine beachtliche Zahl Sch\u00fctzen traf sich um [&hellip;]<\/p>\n","protected":false},"author":10,"featured_media":15569,"comment_status":"closed","ping_status":"open","sticky":false,"template":"","format":"standard","meta":{"_EventAllDay":false,"_EventTimezone":"","_EventStartDate":"","_EventEndDate":"","_EventStartDateUTC":"","_EventEndDateUTC":"","_EventShowMap":false,"_EventShowMapLink":false,"_EventURL":"","_EventCost":"","_EventCostDescription":"","_EventCurrencySymbol":"","_EventCurrencyCode":"","_EventCurrencyPosition":"","_EventDateTimeSeparator":"","_EventTimeRangeSeparator":"","_EventOrganizerID":[],"_EventVenueID":[],"_OrganizerEmail":"","_OrganizerPhone":"","_OrganizerWebsite":"","_VenueAddress":"","_VenueCity":"","_VenueCountry":"","_VenueProvince":"","_VenueState":"","_VenueZip":"","_VenuePhone":"","_VenueURL":"","_VenueStateProvince":"","_VenueLat":"","_VenueLng":"","_VenueShowMap":false,"_VenueShowMapLink":false,"footnotes":""},"categories":[9],"tags":[],"class_list":["post-15189","post","type-post","status-publish","format-standard","has-post-thumbnail","hentry","category-schuetzenverein"],"_links":{"self":[{"href":"https:\/\/hiddingsen.de\/index.php?rest_route=\/wp\/v2\/posts\/15189","targetHints":{"allow":["GET"]}}],"collection":[{"href":"https:\/\/hiddingsen.de\/index.php?rest_route=\/wp\/v2\/posts"}],"about":[{"href":"https:\/\/hiddingsen.de\/index.php?rest_route=\/wp\/v2\/types\/post"}],"author":[{"embeddable":true,"href":"https:\/\/hiddingsen.de\/index.php?rest_route=\/wp\/v2\/users\/10"}],"replies":[{"embeddable":true,"href":"https:\/\/hiddingsen.de\/index.php?rest_route=%2Fwp%2Fv2%2Fcomments&post=15189"}],"version-history":[{"count":2,"href":"https:\/\/hiddingsen.de\/index.php?rest_route=\/wp\/v2\/posts\/15189\/revisions"}],"predecessor-version":[{"id":15673,"href":"https:\/\/hiddingsen.de\/index.php?rest_route=\/wp\/v2\/posts\/15189\/revisions\/15673"}],"wp:featuredmedia":[{"embeddable":true,"href":"https:\/\/hiddingsen.de\/index.php?rest_route=\/wp\/v2\/media\/15569"}],"wp:attachment":[{"href":"https:\/\/hiddingsen.de\/index.php?rest_route=%2Fwp%2Fv2%2Fmedia&parent=15189"}],"wp:term":[{"taxonomy":"category","embeddable":true,"href":"https:\/\/hiddingsen.de\/index.php?rest_route=%2Fwp%2Fv2%2Fcategories&post=15189"},{"taxonomy":"post_tag","embeddable":true,"href":"https:\/\/hiddingsen.de\/index.php?rest_route=%2Fwp%2Fv2%2Ftags&post=15189"}],"curies":[{"name":"wp","href":"https:\/\/api.w.org\/{rel}","templated":true}]}}