{"id":15475,"date":"2023-08-27T18:25:40","date_gmt":"2023-08-27T16:25:40","guid":{"rendered":"http:\/\/localhost\/wordpress\/?p=15475"},"modified":"2025-05-25T11:26:35","modified_gmt":"2025-05-25T11:26:35","slug":"wenn-man-nicht-die-klappe-halten-kann","status":"publish","type":"post","link":"https:\/\/hiddingsen.de\/?p=15475","title":{"rendered":"Wenn man nicht die Klappe halten kann."},"content":{"rendered":"\n<p>Aus einer leichtsinnigen Aussage wurde eine Verpflichtung, dieses trifft den Nagel wohl auf den Kopf.<\/p>\n\n\n\n<p>An unserem Sch\u00fctzenfest, beim Vogelschie\u00dfen, als Vito Acconci die Krone abgeschossen hatte, kam es zu einer Aussage die nun eingefordert wurde.<\/p>\n\n\n\n<p>Ein komisches Gespann fuhr am Samstag den 26.08.2023 von der Sch\u00fctzenhalle in Hiddingsen \u00fcber den Feldweg Richtung Soest zum Biwak des 4. Zuges.<\/p>\n\n\n\n<p>Viele Schaulustige und Sch\u00fctzenbr\u00fcder bestaunten dieses komische Gespann und fragten sich verwundert: Was ist passiert? Sind in Hiddingsen die Pferde ausgegangen?? Oder warum wird dieses Gespann von einem anderen &#8222;Hei\u00dfblut&#8220; gezogen wie \u00fcblich?<\/p>\n\n\n\n<p>Kai Uwe Heinert zog eine Kutsche durch die Soester B\u00f6rde mit Gamaschen an den Beinen und einem Geschirr um die Brust. Auf der Kutsche sa\u00dfen das K\u00f6nigspaar Vito und Ina und zahlreiche Kinder. Dazu kam Christian Klein und sein Sohn Paul, welche die beiden Ehrenpl\u00e4tze auf der Kutsche ersteigert haben.<\/p>\n\n\n\n<p>Wie kam es zu dieser Aktion??<\/p>\n\n\n\n<p>Als Vito die Krone von unserem diesj\u00e4hrigen Vogel abgeschossen hatte und zur\u00fcck zu seinen Sch\u00fctzenbr\u00fcdern kam, wurde er gefeiert und bejubelt.<\/p>\n\n\n\n<p>Es kam dann zu den \u00fcblichen Frotzeleien wie: &#8222;Nun kannst du auch K\u00f6nig machen, oder auch die restlichen Insignien abschie\u00dfen&#8220;. Ein Wort kam zu dem anderen und schlie\u00dflich kam die Aussage, die zu diesem Spektakel f\u00fchrte.<\/p>\n\n\n\n<p>Kai Uwe sagt zu Vito: &#8222;Wenn du den Vogel abschie\u00dft ziehe ich <strong>pers\u00f6nlich<\/strong> eure Kutsche.&#8220; Dieses Aussage wurde direkt per Handschlag abgemacht.<\/p>\n\n\n\n<p>Nun ja, Vito wurde unser K\u00f6nig und Kai Uwe wurde langsam klar, dass er nicht um seine Pflicht herum kommen w\u00fcrde, die Kutsche zu ziehen.<\/p>\n\n\n\n<p>Dieses Abmachung wurde nun eingel\u00f6st und viele Sch\u00fctzenbr\u00fcder und deren Familien begleiteten dieses Gespann bis zum Biwak des 4. Zuges.<\/p>\n\n\n\n<p>Im Anschluss wurde zusammen mit allen Beteiligten, Freunden, Sch\u00fctzenbr\u00fcdern und Familie beim Biwak getrunken, gefeiert und gegessen. Vielen Dank an den 4. Zug f\u00fcr den gelungenen Abend.<\/p>\n\n\n\n<figure class=\"wp-block-image size-full\"><img loading=\"lazy\" decoding=\"async\" width=\"1024\" height=\"768\" src=\"https:\/\/hiddingsen.de\/wp-content\/uploads\/2025\/05\/4169ccfc-ca8b-49f7-ac03-143b16313cfd-1024x768-1.jpg\" alt=\"\" class=\"wp-image-15613\" srcset=\"https:\/\/hiddingsen.de\/wp-content\/uploads\/2025\/05\/4169ccfc-ca8b-49f7-ac03-143b16313cfd-1024x768-1.jpg 1024w, https:\/\/hiddingsen.de\/wp-content\/uploads\/2025\/05\/4169ccfc-ca8b-49f7-ac03-143b16313cfd-1024x768-1-300x225.jpg 300w, https:\/\/hiddingsen.de\/wp-content\/uploads\/2025\/05\/4169ccfc-ca8b-49f7-ac03-143b16313cfd-1024x768-1-768x576.jpg 768w\" sizes=\"auto, (max-width: 1024px) 100vw, 1024px\" \/><figcaption class=\"wp-element-caption\">Geselliger Abschluss beim Biwak des 4. Zuges. Alle beteiligten waren begeistert. von links: Vito Acconi, Ina Winckler, Christian Klein und Kai Uwe Heinert<\/figcaption><\/figure>\n\n\n\n<figure class=\"wp-block-image size-large\"><img loading=\"lazy\" decoding=\"async\" width=\"1024\" height=\"768\" src=\"https:\/\/hiddingsen.de\/wp-content\/uploads\/2025\/05\/be1291ef-9f65-4cb4-b203-a54157965b4a-1024x768.jpg\" alt=\"\" class=\"wp-image-15616\" srcset=\"https:\/\/hiddingsen.de\/wp-content\/uploads\/2025\/05\/be1291ef-9f65-4cb4-b203-a54157965b4a-1024x768.jpg 1024w, https:\/\/hiddingsen.de\/wp-content\/uploads\/2025\/05\/be1291ef-9f65-4cb4-b203-a54157965b4a-300x225.jpg 300w, https:\/\/hiddingsen.de\/wp-content\/uploads\/2025\/05\/be1291ef-9f65-4cb4-b203-a54157965b4a-768x576.jpg 768w, https:\/\/hiddingsen.de\/wp-content\/uploads\/2025\/05\/be1291ef-9f65-4cb4-b203-a54157965b4a-1536x1152.jpg 1536w, https:\/\/hiddingsen.de\/wp-content\/uploads\/2025\/05\/be1291ef-9f65-4cb4-b203-a54157965b4a.jpg 2000w\" sizes=\"auto, (max-width: 1024px) 100vw, 1024px\" \/><figcaption class=\"wp-element-caption\">Auf dem Weg von der Sch\u00fctzenhalle zum Biwak<\/figcaption><\/figure>\n\n\n\n<p><\/p>\n","protected":false},"excerpt":{"rendered":"<p>Aus einer leichtsinnigen Aussage wurde eine Verpflichtung, dieses trifft den Nagel wohl auf den Kopf. An unserem Sch\u00fctzenfest, beim Vogelschie\u00dfen, als Vito Acconci die Krone abgeschossen hatte, kam es zu [&hellip;]<\/p>\n","protected":false},"author":10,"featured_media":15613,"comment_status":"closed","ping_status":"open","sticky":false,"template":"","format":"standard","meta":{"_EventAllDay":false,"_EventTimezone":"","_EventStartDate":"","_EventEndDate":"","_EventStartDateUTC":"","_EventEndDateUTC":"","_EventShowMap":false,"_EventShowMapLink":false,"_EventURL":"","_EventCost":"","_EventCostDescription":"","_EventCurrencySymbol":"","_EventCurrencyCode":"","_EventCurrencyPosition":"","_EventDateTimeSeparator":"","_EventTimeRangeSeparator":"","_EventOrganizerID":[],"_EventVenueID":[],"_OrganizerEmail":"","_OrganizerPhone":"","_OrganizerWebsite":"","_VenueAddress":"","_VenueCity":"","_VenueCountry":"","_VenueProvince":"","_VenueState":"","_VenueZip":"","_VenuePhone":"","_VenueURL":"","_VenueStateProvince":"","_VenueLat":"","_VenueLng":"","_VenueShowMap":false,"_VenueShowMapLink":false,"footnotes":""},"categories":[4,8,9],"tags":[],"class_list":["post-15475","post","type-post","status-publish","format-standard","has-post-thumbnail","hentry","category-allgemein","category-schuetzenfest","category-schuetzenverein"],"_links":{"self":[{"href":"https:\/\/hiddingsen.de\/index.php?rest_route=\/wp\/v2\/posts\/15475","targetHints":{"allow":["GET"]}}],"collection":[{"href":"https:\/\/hiddingsen.de\/index.php?rest_route=\/wp\/v2\/posts"}],"about":[{"href":"https:\/\/hiddingsen.de\/index.php?rest_route=\/wp\/v2\/types\/post"}],"author":[{"embeddable":true,"href":"https:\/\/hiddingsen.de\/index.php?rest_route=\/wp\/v2\/users\/10"}],"replies":[{"embeddable":true,"href":"https:\/\/hiddingsen.de\/index.php?rest_route=%2Fwp%2Fv2%2Fcomments&post=15475"}],"version-history":[{"count":2,"href":"https:\/\/hiddingsen.de\/index.php?rest_route=\/wp\/v2\/posts\/15475\/revisions"}],"predecessor-version":[{"id":15626,"href":"https:\/\/hiddingsen.de\/index.php?rest_route=\/wp\/v2\/posts\/15475\/revisions\/15626"}],"wp:featuredmedia":[{"embeddable":true,"href":"https:\/\/hiddingsen.de\/index.php?rest_route=\/wp\/v2\/media\/15613"}],"wp:attachment":[{"href":"https:\/\/hiddingsen.de\/index.php?rest_route=%2Fwp%2Fv2%2Fmedia&parent=15475"}],"wp:term":[{"taxonomy":"category","embeddable":true,"href":"https:\/\/hiddingsen.de\/index.php?rest_route=%2Fwp%2Fv2%2Fcategories&post=15475"},{"taxonomy":"post_tag","embeddable":true,"href":"https:\/\/hiddingsen.de\/index.php?rest_route=%2Fwp%2Fv2%2Ftags&post=15475"}],"curies":[{"name":"wp","href":"https:\/\/api.w.org\/{rel}","templated":true}]}}